{"id":4954,"date":"2016-12-16T08:15:26","date_gmt":"2016-12-16T07:15:26","guid":{"rendered":"https:\/\/elewacjezklinkieru.com\/glockenturm-des-nordfriedhofs-in-warschau\/"},"modified":"2016-12-16T08:15:26","modified_gmt":"2016-12-16T07:15:26","slug":"glockenturm-des-nordfriedhofs-in-warschau","status":"publish","type":"post","link":"https:\/\/elewacjezklinkieru.com\/de\/glockenturm-des-nordfriedhofs-in-warschau\/","title":{"rendered":"Glockenturm des Nordfriedhofs in Warschau"},"content":{"rendered":"<p style=\"\\\"text-align:\" justify=\"\"><!--more-->2012. Der Bau eines riesigen Glockenturms an der Pfarrkirche St. Mary&#8217;s. Ignatius Loyola in Warschau. Wir stehen vor der au\u00dferordentlich schwierigen Aufgabe, eine Klinkerfassade auf einem mehrere Dutzend Meter hohen Glockenturm zu errichten, an dem f\u00fcnf riesige Glocken aufgeh\u00e4ngt werden sollen. Seit Generationen sind die Glockent\u00fcrme von Kirchen ein wesentlicher Bestandteil der sakralen Architektur von Kirchen. Ihre hohen Glocken sollten die Gemeindemitglieder zu den t\u00e4glichen Gottesdiensten rufen, aber auch in schwierigen Zeiten um Hilfe bitten, weshalb ihre H\u00f6he so wichtig war. Die einzelnen St\u00e4dte wetteiferten heftig um den h\u00f6chsten Glockenturm und scheuten weder M\u00fche noch Mittel, um ihn zu bauen. Ein besonderes Merkmal aller Glockent\u00fcrme ist leider die Notwendigkeit, enormen dynamischen Kr\u00e4ften standzuhalten, die senkrecht zur Hauptstruktur wirken. Die durch das L\u00e4uten von Glocken verursachten Vibrationen und Schwingungen sind seit dem Mittelalter eine der Hauptursachen f\u00fcr Baukatastrophen. Die korrekte Planung und der Bau eines Glockenturms, der Jahrhunderte \u00fcberdauern sollte, war eine gro\u00dfe Herausforderung f\u00fcr die Erbauer. Nat\u00fcrlich hatte kein Geringerer die Auswahl an qualitativ hochwertigen Baumaterialien.<\/p>\n<p><img decoding=\"async\" class=\"\\\" alignnone=\"\" size-large=\"\" wp-image-780=\"\" src=\"%5C%22https:\/\/elewacjezklinkieru.com\/wp-content\/uploads\/2017\/01\/DZWONNICA_KLINKIER_01-624x415.jpg%5C%22\" alt=\"\\\"DZWONNICA_KLINKIER_01\\\"\" width=\"\\\"624\\\"\" height=\"\\\"415\\\"\"><\/p>\n<p><em>zusammengestellt von: Adam Powojewski<\/em><\/p>\n","protected":false},"excerpt":{"rendered":"","protected":false},"author":1,"featured_media":3560,"comment_status":"closed","ping_status":"open","sticky":false,"template":"","format":"standard","meta":{"site-sidebar-layout":"default","site-content-layout":"default","ast-global-header-display":"","ast-main-header-display":"","ast-hfb-above-header-display":"","ast-hfb-below-header-display":"","ast-hfb-mobile-header-display":"","site-post-title":"","ast-breadcrumbs-content":"","ast-featured-img":"","footer-sml-layout":"","theme-transparent-header-meta":"","adv-header-id-meta":"","stick-header-meta":"","header-above-stick-meta":"","header-main-stick-meta":"","header-below-stick-meta":"","footnotes":""},"categories":[30],"tags":[31],"class_list":["post-4954","post","type-post","status-publish","format-standard","has-post-thumbnail","hentry","category-aussergewohnliche-architektur","tag-klinkerfassaden"],"_links":{"self":[{"href":"https:\/\/elewacjezklinkieru.com\/de\/wp-json\/wp\/v2\/posts\/4954","targetHints":{"allow":["GET"]}}],"collection":[{"href":"https:\/\/elewacjezklinkieru.com\/de\/wp-json\/wp\/v2\/posts"}],"about":[{"href":"https:\/\/elewacjezklinkieru.com\/de\/wp-json\/wp\/v2\/types\/post"}],"author":[{"embeddable":true,"href":"https:\/\/elewacjezklinkieru.com\/de\/wp-json\/wp\/v2\/users\/1"}],"replies":[{"embeddable":true,"href":"https:\/\/elewacjezklinkieru.com\/de\/wp-json\/wp\/v2\/comments?post=4954"}],"version-history":[{"count":0,"href":"https:\/\/elewacjezklinkieru.com\/de\/wp-json\/wp\/v2\/posts\/4954\/revisions"}],"wp:featuredmedia":[{"embeddable":true,"href":"https:\/\/elewacjezklinkieru.com\/de\/wp-json\/wp\/v2\/media\/3560"}],"wp:attachment":[{"href":"https:\/\/elewacjezklinkieru.com\/de\/wp-json\/wp\/v2\/media?parent=4954"}],"wp:term":[{"taxonomy":"category","embeddable":true,"href":"https:\/\/elewacjezklinkieru.com\/de\/wp-json\/wp\/v2\/categories?post=4954"},{"taxonomy":"post_tag","embeddable":true,"href":"https:\/\/elewacjezklinkieru.com\/de\/wp-json\/wp\/v2\/tags?post=4954"}],"curies":[{"name":"wp","href":"https:\/\/api.w.org\/{rel}","templated":true}]}}