{"id":4992,"date":"2017-01-05T10:06:03","date_gmt":"2017-01-05T09:06:03","guid":{"rendered":"https:\/\/elewacjezklinkieru.com\/dekorative-zaeune-aus-mauerwerk\/"},"modified":"2017-01-05T10:06:03","modified_gmt":"2017-01-05T09:06:03","slug":"dekorative-zaeune-aus-mauerwerk","status":"publish","type":"post","link":"https:\/\/elewacjezklinkieru.com\/de\/dekorative-zaeune-aus-mauerwerk\/","title":{"rendered":"Dekorative Z\u00e4une aus Mauerwerk"},"content":{"rendered":"<p><!--more--><\/p>\n<p><img decoding=\"async\" class=\"\\\" alignnone=\"\" size-large=\"\" wp-image-977=\"\" src=\"%5C%22https:\/\/elewacjezklinkieru.com\/wp-content\/uploads\/2017\/01\/Ogrodzenie-Koneser-Tom-Styl2-624x416.jpg%5C%22\" alt=\"\\Fechten\" koneser=\"\" tom-styl2=\"\" width=\"\\\"624\\\"\" height=\"\\\"416\\\"\"><\/p>\n<p style=\"\\\"text-align:\" justify=\"\"><span style=\"\\\"font-size:\">In unserer Baupraxis sto\u00dfen wir auch auf Themen, die nicht ganz typisch sind und ein hohes Ma\u00df an handwerklichem Geschick im Mauerwerk erfordern. Dekorative Vollziegelz\u00e4une sind nur ein kleiner Teil unseres Gesch\u00e4fts, aber sie erfordern viel mehr Aufwand und Sorgfalt von unseren Bauarbeitern. Die sich wiederholenden Pfostenmodule und Spannw\u00e4nde bestimmen die ma\u00dfliche Abstimmung der aufeinanderfolgenden Zaunbereiche, da jedes Element nach einem genau berechneten Entwurf wiederholt werden muss. Jeder Ziegelstein, der im Mauerwerkspuzzle des Zauns auftaucht, hat seinen exakten Platz, jeder Verband ist sorgf\u00e4ltig entworfen, jedes vorstehende Gesims und jede Hinterschneidung an der Vorderseite eines handgefertigten Pfostens ist sorgf\u00e4ltig ber\u00fccksichtigt, damit er perfekt mit den benachbarten, sich wiederholenden Zaunelementen \u00fcbereinstimmt.<\/span><\/p>\n<p><img decoding=\"async\" class=\"\\\" alignnone=\"\" size-large=\"\" wp-image-978=\"\" src=\"%5C%22https:\/\/elewacjezklinkieru.com\/wp-content\/uploads\/2017\/01\/Ogrodzenie-Koneser-Tom-Styl3-416x624.jpg%5C%22\" alt=\"\\Fechten\" koneser=\"\" tom-styl3=\"\" width=\"\\\"416\\\"\" height=\"\\\"624\\\"\"><\/p>\n<p style=\"\\\"text-align:\" justify=\"\"><span style=\"\\\"font-size:\">Im Falle dieses Projekts handelte es sich bei dem mit dem Warschauer Amt f\u00fcr Denkmalschutz vereinbarten Architektur- und Bauprojekt um die Restaurierung eines Fragments der historischen Umz\u00e4unung des Geb\u00e4udekomplexes der ehemaligen Wodkafabrik &#8222;Koneser&#8220;. Der Erhaltungszustand einiger Erker erm\u00f6glichte eine architektonische Bestandsaufnahme und eine perfekte Nachbildung der Umz\u00e4unung aus neuen Ziegeln (leider waren die alten Ziegel in vielen F\u00e4llen nicht erhalten). So hatten wir wieder einmal das unbestreitbare Vergn\u00fcgen, mit neuen Ziegeln zu mauern, die mit historistischen Zierleisten versehen waren. Das Ergebnis unserer Arbeit kann unter ul bewundert werden. Bia\u0142ostocka, die den Komplex des Praga-Koneser-Zentrums im Westen umschlie\u00dft. Und die leichten Ausbl\u00fchungen, die auf den Ziegeln des Zauns auftreten, sind ein nat\u00fcrlicher Prozess, der auf die chemische Reaktion zur\u00fcckzuf\u00fchren ist, die im traditionellen M\u00f6rtel w\u00e4hrend des Abbindens stattfindet.<\/span><\/p>\n<p>zusammengestellt von: Adam Powojewski<\/p>\n","protected":false},"excerpt":{"rendered":"","protected":false},"author":1,"featured_media":3734,"comment_status":"open","ping_status":"open","sticky":false,"template":"","format":"standard","meta":{"site-sidebar-layout":"default","site-content-layout":"default","ast-global-header-display":"","ast-main-header-display":"","ast-hfb-above-header-display":"","ast-hfb-below-header-display":"","ast-hfb-mobile-header-display":"","site-post-title":"","ast-breadcrumbs-content":"","ast-featured-img":"","footer-sml-layout":"","theme-transparent-header-meta":"","adv-header-id-meta":"","stick-header-meta":"","header-above-stick-meta":"","header-main-stick-meta":"","header-below-stick-meta":"","footnotes":""},"categories":[38],"tags":[31],"class_list":["post-4992","post","type-post","status-publish","format-standard","has-post-thumbnail","hentry","category-uncategorized-de","tag-klinkerfassaden"],"_links":{"self":[{"href":"https:\/\/elewacjezklinkieru.com\/de\/wp-json\/wp\/v2\/posts\/4992","targetHints":{"allow":["GET"]}}],"collection":[{"href":"https:\/\/elewacjezklinkieru.com\/de\/wp-json\/wp\/v2\/posts"}],"about":[{"href":"https:\/\/elewacjezklinkieru.com\/de\/wp-json\/wp\/v2\/types\/post"}],"author":[{"embeddable":true,"href":"https:\/\/elewacjezklinkieru.com\/de\/wp-json\/wp\/v2\/users\/1"}],"replies":[{"embeddable":true,"href":"https:\/\/elewacjezklinkieru.com\/de\/wp-json\/wp\/v2\/comments?post=4992"}],"version-history":[{"count":0,"href":"https:\/\/elewacjezklinkieru.com\/de\/wp-json\/wp\/v2\/posts\/4992\/revisions"}],"wp:featuredmedia":[{"embeddable":true,"href":"https:\/\/elewacjezklinkieru.com\/de\/wp-json\/wp\/v2\/media\/3734"}],"wp:attachment":[{"href":"https:\/\/elewacjezklinkieru.com\/de\/wp-json\/wp\/v2\/media?parent=4992"}],"wp:term":[{"taxonomy":"category","embeddable":true,"href":"https:\/\/elewacjezklinkieru.com\/de\/wp-json\/wp\/v2\/categories?post=4992"},{"taxonomy":"post_tag","embeddable":true,"href":"https:\/\/elewacjezklinkieru.com\/de\/wp-json\/wp\/v2\/tags?post=4992"}],"curies":[{"name":"wp","href":"https:\/\/api.w.org\/{rel}","templated":true}]}}